{"id":167675,"date":"2022-03-13T14:15:22","date_gmt":"2022-03-13T13:15:22","guid":{"rendered":"https:\/\/vdr.daisybell.ch\/?p=167675"},"modified":"2025-04-25T14:02:26","modified_gmt":"2025-04-25T12:02:26","slug":"sections-grand-angle-latitudes","status":"publish","type":"post","link":"https:\/\/www.visionsdureel.ch\/en\/sections-grand-angle-latitudes\/","title":{"rendered":"Official selection of the Grand Angle and Latitudes sections"},"content":{"rendered":"\n<h2 class=\"wp-block-heading\">Visions du R\u00e9el expresses its solidarity with Ukraine and presents the official selection of the Grand Angle and Latitudes sections.<\/h2>\n\n\n\n<p>Visions du R\u00e9el is joining the international movement of solidarity with the Ukrainian people, who are fighting for their freedom. We express our support for Ukrainian artists and filmmakers, and for all those whose lives are threatened and upended by the war. We strongly condemn the ongoing Russian invasion.<\/p>\n\n\n\n<p>At the same time, the Festival wishes to convey its support for the Russian artists and citizens who are currently expressing their resistance.<\/p>\n\n\n\n<p>The 2022 official selection notably includes <em>A House Made of Splinters, <\/em>presented in the Grand Angle Competition, a film about the fractures caused by the war in Eastern Ukraine. Moreover, the line-up will feature three other films directed and\/or produced in Ukraine; these titles will be announced at the press conference.<\/p>\n\n\n\n<h2 class=\"wp-block-heading\" id=\"h-grand-angle-competition-and-latitudes-section-out-of-competition\">Grand Angle Competition and Latitudes section (out of competition)<\/h2>\n\n\n\n<p><strong>The selection in the Grand Angle and Latitudes sections of the 53<sup>rd <\/sup>edition of Visions du R\u00e9el features films that will mark the cinematographic year and reveal the landscape of contemporary non-fiction filmmaking. It Includes 23 films in total, 9 of which will be presented in world or international premiere.&nbsp;<\/strong><\/p>\n\n\n\n<p>The <strong><a href=\"https:\/\/www.visionsdureel.ch\/en\/program\/section\/grand-angle\/\">Grand Angle<\/a><\/strong> Competition offers the opportunity to discover films that have already impressed audiences at other recent festivals, or that will mark the coming year. For its 2022 edition, this competition includes two films presented in world premiere: the Italian film <em>ll posto &#8211; A Steady Job<\/em>, by Gianluca Matarrese and Mattia Colombo, which portrays a certain contemporary Italy \u2013 and <em>Adam Ondra: Pushing the Limits<\/em>, by Jan \u0160im\u00e1nek and Petr Z\u00e1ruba, a portrait of the legendary Czech climber. Four films are presented in international premiere \u2013 after recent launches in Berlin, Copenhagen or elsewhere \u2013 whereas the other six are Swiss premieres presented in particular at Sundance, such as the opening film <em>Fire of Love<\/em>, or <em>A House Made of Splinters,<\/em> which won awards at the prestigious American festival.<\/p>\n\n\n\n<p>There are 11 films in the non-competitive <strong><a href=\"https:\/\/www.visionsdureel.ch\/en\/program\/section\/latitudes\/\">Latitudes<\/a><\/strong> section, showing a panorama of current documentary filmmaking practices. In particular, Latitudes includes two respectively German-Polish and Franco-Bangladeshi works presented in world premiere: <em>Silent Love<\/em> by Marek Kozakiewicz and <em>Things I Could Never Tell My Mother by<\/em> Humaira Bilkis, two intimate films dealing with the complexity of relationships in certain countries\u2026 Alongside these are, among further titles: <em>Silver Bird and Rainbow Fish<\/em>, an animated film from the Chinese director Lei LEI, previously presented as part of the Tiger Competition at the Rotterdam Film Festival; the new opus from the great Austrian filmmaker Ruth Beckermann (<em>Mutzenbacher<\/em>), which won the main award in the Encounters competition at the latest Berlinale; the Swiss-French co-production from Mitra Farahani (<em>A vendredi Robinson<\/em>), also presented in Berlin; and two films from the Venice Film Festival: <em>Republic of Silence<\/em> from the Berlin-based Syrian filmmaker Diana el Jeroudi, and <em>Atlantide<\/em> from the Italian director Yuri Ancarani.<\/p>\n\n\n\n<p>The full programme of the 53<sup>rd <\/sup>edition of Visions du R\u00e9el will be unveiled on 15 March 2022 during the press conference.&nbsp;<\/p>\n\n\n      <\/div>\n    <\/div>\n  \n    <div class=\"w-100 container-fluid carousel-block-container\">\n    <div class=\"row mx-n3\">\n\n      <div class=\"col-sm d-none d-lg-block\"><\/div>\n                      <div class=\"col-12 col-sm-6 col-lg-4 \">\n            <article class=\"article-selection mb-5 mb-sm-4 mb-md-3 post-16598\">\n    <a class=\"link-image thumbnail-16-9\" data-href=\"https:\/\/www.visionsdureel.ch\/en\/program\/section\/wide-angle\/\" href=\"https:\/\/www.visionsdureel.ch\/en\/program\/section\/wide-angle\/\">\n      <img loading=\"lazy\" decoding=\"async\" width=\"320\" height=\"133\" src=\"https:\/\/www.visionsdureel.ch\/wp-content\/uploads\/2021\/01\/a-child-of-my-own_GA_2883085-320x133.jpeg\" class=\"attachment-thumbnail size-thumbnail wp-post-image\" alt=\"\" sizes=\"auto, (max-width: 575px) 100vw, (max-width: 991px) calc(100vw \/ 2), (-webkit-min-device-pixel-ratio: 1.5) calc(100vw \/ 3), calc(100vw \/ 3)\" srcset=\"https:\/\/www.visionsdureel.ch\/wp-content\/uploads\/2021\/01\/a-child-of-my-own_GA_2883085-320x133.jpeg 320w, https:\/\/www.visionsdureel.ch\/wp-content\/uploads\/2021\/01\/a-child-of-my-own_GA_2883085-854x354.jpeg 854w, https:\/\/www.visionsdureel.ch\/wp-content\/uploads\/2021\/01\/a-child-of-my-own_GA_2883085-1280x531.jpeg 1280w, https:\/\/www.visionsdureel.ch\/wp-content\/uploads\/2021\/01\/a-child-of-my-own_GA_2883085-426x177.jpeg 426w, https:\/\/www.visionsdureel.ch\/wp-content\/uploads\/2021\/01\/a-child-of-my-own_GA_2883085-640x265.jpeg 640w, https:\/\/www.visionsdureel.ch\/wp-content\/uploads\/2021\/01\/a-child-of-my-own_GA_2883085-1920x796.jpeg 1920w\" \/>          <\/a>\n        <h4 class=\"mt-2 mb-1 font-size-sm\">\n      Wide Angle    <\/h4>\n              <div class=\"thumb_text font-size-sm \"> Grand Angle spotlights feature films that have already captivated audiences at other festivals or are expected to make a strong mark in the coming year. This competition celebrates a compelling form of creative documentary capable of forging an immediate connection with viewers, without ever compromising on the precision of the perspective nor the rigour of the cinematographic storytelling. <\/div>\n              <div class=\"mt-2\"> <a href=\"https:\/\/www.visionsdureel.ch\/en\/program\/section\/wide-angle\/\" class=\"font-size-sm \">\n          More        <\/a> <\/div>\n      <\/article>\n        <\/div>\n                      <div class=\"col-12 col-sm-6 col-lg-4 \">\n            <article class=\"article-selection mb-5 mb-sm-4 mb-md-3 post-16599\">\n    <a class=\"link-image thumbnail-16-9\" data-href=\"https:\/\/www.visionsdureel.ch\/en\/program\/section\/highlights\/\" href=\"https:\/\/www.visionsdureel.ch\/en\/program\/section\/highlights\/\">\n      <img loading=\"lazy\" decoding=\"async\" width=\"320\" height=\"175\" src=\"https:\/\/www.visionsdureel.ch\/wp-content\/uploads\/2021\/01\/jaripeo_HL_2889995-320x175.jpeg\" class=\"attachment-thumbnail size-thumbnail wp-post-image\" alt=\"\" sizes=\"auto, (max-width: 575px) 100vw, (max-width: 991px) calc(100vw \/ 2), (-webkit-min-device-pixel-ratio: 1.5) calc(100vw \/ 3), calc(100vw \/ 3)\" srcset=\"https:\/\/www.visionsdureel.ch\/wp-content\/uploads\/2021\/01\/jaripeo_HL_2889995-320x175.jpeg 320w, https:\/\/www.visionsdureel.ch\/wp-content\/uploads\/2021\/01\/jaripeo_HL_2889995-854x468.jpeg 854w, https:\/\/www.visionsdureel.ch\/wp-content\/uploads\/2021\/01\/jaripeo_HL_2889995-1280x701.jpeg 1280w, https:\/\/www.visionsdureel.ch\/wp-content\/uploads\/2021\/01\/jaripeo_HL_2889995-426x233.jpeg 426w, https:\/\/www.visionsdureel.ch\/wp-content\/uploads\/2021\/01\/jaripeo_HL_2889995-640x351.jpeg 640w, https:\/\/www.visionsdureel.ch\/wp-content\/uploads\/2021\/01\/jaripeo_HL_2889995-1920x1052.jpeg 1920w\" \/>          <\/a>\n        <h4 class=\"mt-2 mb-1 font-size-sm\">\n      Highlights    <\/h4>\n              <div class=\"thumb_text font-size-sm \"> Highlights is a non-competitive section of feature films in which audiences can discover the films that won over our programming team. <\/div>\n              <div class=\"mt-2\"> <a href=\"https:\/\/www.visionsdureel.ch\/en\/program\/section\/highlights\/\" class=\"font-size-sm \">\n          More        <\/a> <\/div>\n      <\/article>\n        <\/div>\n      \n      <div class=\"col-sm d-none d-lg-block\"><\/div>    <\/div>\n  <\/div>\n  \n      <div class=\"row\">\n      <div class=\"col-12 col-sm-10 col-md-9 col-lg-7 col-xl-6 mx-auto\">\n          \n\n\n<p><\/p>\n","protected":false},"excerpt":{"rendered":"<p>Visions du R\u00e9el exprime sa solidarit\u00e9 avec l\u2019Ukraine et pr\u00e9sente la s\u00e9lection officielle des sections Grand Angle et Latitudes.<\/p>\n","protected":false},"author":44,"featured_media":166705,"comment_status":"closed","ping_status":"closed","sticky":false,"template":"","format":"standard","meta":{"_acf_changed":true,"footnotes":""},"categories":[421],"tags":[],"class_list":["post-167675","post","type-post","status-publish","format-standard","has-post-thumbnail","hentry","category-news"],"acf":[],"_links":{"self":[{"href":"https:\/\/www.visionsdureel.ch\/en\/wp-json\/wp\/v2\/posts\/167675","targetHints":{"allow":["GET"]}}],"collection":[{"href":"https:\/\/www.visionsdureel.ch\/en\/wp-json\/wp\/v2\/posts"}],"about":[{"href":"https:\/\/www.visionsdureel.ch\/en\/wp-json\/wp\/v2\/types\/post"}],"author":[{"embeddable":true,"href":"https:\/\/www.visionsdureel.ch\/en\/wp-json\/wp\/v2\/users\/44"}],"replies":[{"embeddable":true,"href":"https:\/\/www.visionsdureel.ch\/en\/wp-json\/wp\/v2\/comments?post=167675"}],"version-history":[{"count":0,"href":"https:\/\/www.visionsdureel.ch\/en\/wp-json\/wp\/v2\/posts\/167675\/revisions"}],"wp:featuredmedia":[{"embeddable":true,"href":"https:\/\/www.visionsdureel.ch\/en\/wp-json\/wp\/v2\/media\/166705"}],"wp:attachment":[{"href":"https:\/\/www.visionsdureel.ch\/en\/wp-json\/wp\/v2\/media?parent=167675"}],"wp:term":[{"taxonomy":"category","embeddable":true,"href":"https:\/\/www.visionsdureel.ch\/en\/wp-json\/wp\/v2\/categories?post=167675"},{"taxonomy":"post_tag","embeddable":true,"href":"https:\/\/www.visionsdureel.ch\/en\/wp-json\/wp\/v2\/tags?post=167675"}],"curies":[{"name":"wp","href":"https:\/\/api.w.org\/{rel}","templated":true}]}}