{"id":186892,"date":"2022-08-31T11:05:59","date_gmt":"2022-08-31T09:05:59","guid":{"rendered":"https:\/\/www.visionsdureel.ch\/?p=186892"},"modified":"2022-08-31T11:21:37","modified_gmt":"2022-08-31T09:21:37","slug":"neue-administrative-leiterin","status":"publish","type":"post","link":"https:\/\/www.visionsdureel.ch\/de\/neue-administrative-leiterin\/","title":{"rendered":"M\u00e9lanie Courvoisier, neue administrative und betriebliche Leiterin | Sven W\u00e4lti, neues Mitglied des Stiftungsrates"},"content":{"rendered":"\n<p><strong>M\u00e9lanie Courvoisier ist die neue administrative und operative Leiterin von Visions du R\u00e9el. Sie tritt ihre Stelle am 1. November dieses Jahres an. Sven W\u00e4lti, Leiter Film der SRG SSR, ist ab dem 26. September Mitglied des Stiftungsrates des Festivals.<\/strong><\/p>\n\n\n\n<p>Nach dem Weggang von Martine Chalverat ernannte der Stiftungsrat von Visions du R\u00e9el M\u00e9lanie Courvoisier zur administrativen und operativen Leiterin des Festivals.<\/p>\n\n\n\n<p>M\u00e9lanie Courvoisier besitzt ein Lizenziat in Politikwissenschaften der Universit\u00e4t Lausanne und war im Bereich der Filmproduktion (Elefant Films), der Programmgestaltung unabh\u00e4ngiger Kinos (Zinema, Minimum, CDD, Cin\u00e9ma d&#8217;Oron), der Verbreitung von Dokumentarfilmen (Verein Cin\u00e9-Doc) und dem Vertrieb von Dokumentar- und Spielfilmen (Sister Distribution) t\u00e4tig, zudem ist sie Mitglied der Auswahlkommission Kurzfilme der Solothurner Filmtage. Parallel zur ihren Filmaktivit\u00e4ten war sie Co-Leiterin des Vereins Association 1951, der im Bereich der sozioprofessionellen Wiedereingliederung und der Ausbildung von Personen mit Fl\u00fcchtlingsstatus t\u00e4tig ist.<\/p>\n\n\n\n<p>Sie tritt ihre Stelle am 1. November 2022 an, der Stiftungsrat und seine k\u00fcnstlerische Leiterin freuen sich sehr auf die k\u00fcnftige Zusammenarbeit.<\/p>\n\n\n\n<p>Parallel zu dieser Ernennung begr\u00fcsst der Rat ein neues Mitglied in seinen Reihen, Sven W\u00e4lti, Leiter Film bei der SRG SSR. Die direkte Verbindung mit dieser unumg\u00e4nglichen Medienpartnerin ist f\u00fcr Visions du R\u00e9el besonders wertvoll, Sven W\u00e4lti wird das Kompetenzspektrum des Stiftungsrates bereichern.<\/p>\n\n\n\n<p>Sven W\u00e4lti ist in Freiburg geboren und aufgewachsen. Er studierte Rechtswissenschaften und absolvierte Ausbildungen in den Bereichen Kulturmanagement und politische Kommunikation. Seit mehr als 20 Jahren ist er in der schweizerischen Filmbranche t\u00e4tig. Nach seiner T\u00e4tigkeit f\u00fcr SUISSIMAGE und Cin\u00e9suisse \u00fcbernahm er 2012 den Posten des Leiters Film bei der SRG SSR. Er koordiniert den \u00abPacte de l\u2019audiovisuel\u00bb, den Vertrag zwischen der SRG SSR und unabh\u00e4ngigen Produktionen zur Unterst\u00fctzung des Schweizer Filmschaffens (CHF 32.5 Millionen pro Jahr). Als Mitglied der Programmkonferenz vertritt er die SRG SSR ausserdem bei ARTE in Strassburg.<\/p>\n\n\n\n<p>Der Stiftungsrat m\u00f6chte der abtretende Verwaltungsdirektorin Martine Chalverat seine ganze Anerkennung f\u00fcr die geleistete Arbeit, ihr unerm\u00fcdliches Engagement sowie daf\u00fcr aussprechen, dass sie das Festival in den letzten au\u00dfergew\u00f6hnlichen Jahren mit gro\u00dfem Erfolg mit geleitet hat.<\/p>\n","protected":false},"excerpt":{"rendered":"<p>M\u00e9lanie Courvoisier ist die neue administrative und operative Leiterin von Visions du R\u00e9el. Sie tritt ihre Stelle am 1. November<\/p>\n","protected":false},"author":44,"featured_media":186889,"comment_status":"closed","ping_status":"closed","sticky":false,"template":"","format":"standard","meta":{"_acf_changed":false,"footnotes":""},"categories":[420],"tags":[],"class_list":["post-186892","post","type-post","status-publish","format-standard","has-post-thumbnail","hentry","category-news"],"acf":[],"_links":{"self":[{"href":"https:\/\/www.visionsdureel.ch\/de\/wp-json\/wp\/v2\/posts\/186892","targetHints":{"allow":["GET"]}}],"collection":[{"href":"https:\/\/www.visionsdureel.ch\/de\/wp-json\/wp\/v2\/posts"}],"about":[{"href":"https:\/\/www.visionsdureel.ch\/de\/wp-json\/wp\/v2\/types\/post"}],"author":[{"embeddable":true,"href":"https:\/\/www.visionsdureel.ch\/de\/wp-json\/wp\/v2\/users\/44"}],"replies":[{"embeddable":true,"href":"https:\/\/www.visionsdureel.ch\/de\/wp-json\/wp\/v2\/comments?post=186892"}],"version-history":[{"count":0,"href":"https:\/\/www.visionsdureel.ch\/de\/wp-json\/wp\/v2\/posts\/186892\/revisions"}],"wp:featuredmedia":[{"embeddable":true,"href":"https:\/\/www.visionsdureel.ch\/de\/wp-json\/wp\/v2\/media\/186889"}],"wp:attachment":[{"href":"https:\/\/www.visionsdureel.ch\/de\/wp-json\/wp\/v2\/media?parent=186892"}],"wp:term":[{"taxonomy":"category","embeddable":true,"href":"https:\/\/www.visionsdureel.ch\/de\/wp-json\/wp\/v2\/categories?post=186892"},{"taxonomy":"post_tag","embeddable":true,"href":"https:\/\/www.visionsdureel.ch\/de\/wp-json\/wp\/v2\/tags?post=186892"}],"curies":[{"name":"wp","href":"https:\/\/api.w.org\/{rel}","templated":true}]}}