{"id":186196,"date":"2022-04-19T12:37:20","date_gmt":"2022-04-19T10:37:20","guid":{"rendered":"https:\/\/www.visionsdureel.ch\/sophie-bourdon-a-la-tete-de-vdr-industry\/"},"modified":"2022-04-19T12:46:32","modified_gmt":"2022-04-19T10:46:32","slug":"sophie-bourdon-a-la-tete-de-vdr-industry","status":"publish","type":"post","link":"https:\/\/www.visionsdureel.ch\/de\/sophie-bourdon-a-la-tete-de-vdr-industry\/","title":{"rendered":"Sophie Bourdon \u00fcbernimmt die Leitung von VdR-Industry"},"content":{"rendered":"\n<p><strong>Die neue Leiterin von VdR-Industry heisst Sophie Bourdon. Die bisherige stellvertretende Leiterin von Locarno Pro wechselt am 1. Juli 2022 zu Visions du R\u00e9el, wo sie die stetig wachsende professionelle Plattform des Festivals weiter st\u00e4rken und entwickeln wird. Sie folgt auf Madeline Robert, die dem Festival in anderen Funktionen verbunden bleibt.<\/strong><\/p>\n\n\n\n<p>\u00abDer wachsende Erfolg von VdR-Industry ist die Frucht des ebenso vision\u00e4ren wie kompetenten Engagements meiner Vorg\u00e4ngerinnen Madeline Robert und Gudula Meinzolt. Es ist eine grosse Ehre, in ihre Fussstapfen zu treten und dazu beizutragen, das unabh\u00e4ngige Filmschaffen in seiner ganzen Vielfalt zu f\u00f6rdern. Ich danke den beiden Direktorinnen von Visions du R\u00e9el f\u00fcr das Vertrauen, das sie mir entgegen bringen\u00bb, erkl\u00e4rt Sophie Bourdon. Emilie Buj\u00e8s, k\u00fcnstlerische Leiterin und Martine Chalverat, administrative und operationelle Leiterin von Visions du R\u00e9el f\u00fcgen hinzu: \u00abJahr f\u00fcr Jahr werden bei VdR-Industry entscheidende Weichen f\u00fcr das Gelingen von Filmprojekten gestellt, die brennendsten Fragen der Filmindustrie diskutiert und wichtige Kontakte gekn\u00fcpft. Sophie Bourdon verf\u00fcgt \u00fcber die Qualit\u00e4ten und das Netzwerk, um VdR-Industry in die Zukunft zu f\u00fchren.\u00bb<\/p>\n\n\n\n<p>Sophie Bourdon vereint eine langj\u00e4hrige Erfahrung und vielf\u00e4ltige Expertise in der europ\u00e4ischen und internationalen Filmindustrie. Derzeit leitet und entwickelt die Franz\u00f6sin die Open Doors-Programme des Locarno Film Festivals, die u.a. eine Koproduktionsplattform, zahlreiche Talent-F\u00f6rdermassnahmen und Online-Formate f\u00fcr die Weiterbildung und das Networking umfassen. In dieser Funktion arbeitet Sophie Bourdon u.a. mit institutionellen und privaten Partnerinnen und Partnern in der Schweiz, Europa, S\u00fcdamerika, S\u00fcdostasien, S\u00fcdasien oder in Nordafrika. Als freischaffende Beraterin ist Sophie Bourdon f\u00fcr das Internationale Filmfestival San Sebastian und f\u00fcr den Markt des Filmfestivals von Cannes t\u00e4tig und gestaltete bei FOCAL die europ\u00e4ischen Ausbildungsprogramme, namentlich den Digital Production Challenge. 2020 wurde sie zur stellvertretenden Leiterin von Locarno Pro ernannt.<\/p>\n","protected":false},"excerpt":{"rendered":"<p>Die neue Leiterin von VdR-Industry heisst Sophie Bourdon. Die bisherige stellvertretende Leiterin von Locarno Pro wechselt am 1. Juli 2022<\/p>\n","protected":false},"author":44,"featured_media":186194,"comment_status":"closed","ping_status":"closed","sticky":false,"template":"","format":"standard","meta":{"_acf_changed":false,"footnotes":""},"categories":[420],"tags":[],"class_list":["post-186196","post","type-post","status-publish","format-standard","has-post-thumbnail","hentry","category-news"],"acf":[],"_links":{"self":[{"href":"https:\/\/www.visionsdureel.ch\/de\/wp-json\/wp\/v2\/posts\/186196","targetHints":{"allow":["GET"]}}],"collection":[{"href":"https:\/\/www.visionsdureel.ch\/de\/wp-json\/wp\/v2\/posts"}],"about":[{"href":"https:\/\/www.visionsdureel.ch\/de\/wp-json\/wp\/v2\/types\/post"}],"author":[{"embeddable":true,"href":"https:\/\/www.visionsdureel.ch\/de\/wp-json\/wp\/v2\/users\/44"}],"replies":[{"embeddable":true,"href":"https:\/\/www.visionsdureel.ch\/de\/wp-json\/wp\/v2\/comments?post=186196"}],"version-history":[{"count":0,"href":"https:\/\/www.visionsdureel.ch\/de\/wp-json\/wp\/v2\/posts\/186196\/revisions"}],"wp:featuredmedia":[{"embeddable":true,"href":"https:\/\/www.visionsdureel.ch\/de\/wp-json\/wp\/v2\/media\/186194"}],"wp:attachment":[{"href":"https:\/\/www.visionsdureel.ch\/de\/wp-json\/wp\/v2\/media?parent=186196"}],"wp:term":[{"taxonomy":"category","embeddable":true,"href":"https:\/\/www.visionsdureel.ch\/de\/wp-json\/wp\/v2\/categories?post=186196"},{"taxonomy":"post_tag","embeddable":true,"href":"https:\/\/www.visionsdureel.ch\/de\/wp-json\/wp\/v2\/tags?post=186196"}],"curies":[{"name":"wp","href":"https:\/\/api.w.org\/{rel}","templated":true}]}}